{"id":10283,"date":"2023-08-27T20:07:29","date_gmt":"2023-08-27T19:07:29","guid":{"rendered":"http:\/\/www.lebens-qi.at\/de\/?p=10283"},"modified":"2025-07-23T09:38:51","modified_gmt":"2025-07-23T08:38:51","slug":"holidays-with-the-spiritual-family","status":"publish","type":"post","link":"https:\/\/www.lebens-qi.at\/de\/holidays-with-the-spiritual-family\/","title":{"rendered":"Holidays with the Spiritual Family"},"content":{"rendered":"\n<p><em>For <strong><a href=\"https:\/\/www.lebens-qi.at\/de\/holidays-with-the-spiritual-family-en\/\" title=\"\">ENGLISH<\/a><\/strong> use <a href=\"https:\/\/www.lebens-qi.at\/de\/holidays-with-the-spiritual-family-en\/\" title=\"\">this link<\/a>!<\/em><\/p>\n\n\n\n<h2 class=\"wp-block-heading\">Erholsame Tage im Pinzgau zur Sommersonnenwende<\/h2>\n\n\n\n<ul class=\"wp-block-list\">\n<li>Wann? 17. bis 21. Juni 2026 (Mi Anreise, Programm von Mi abends bis So)<\/li>\n\n\n\n<li>Wo? Saliter Hof Saalfelden <a href=\"http:\/\/www.saliterhof.at\" title=\"\">www.saliterhof.at<\/a><\/li>\n\n\n\n<li>Was? spirituelle Morgenpraxis &amp; Abendmeditation, Wanderungen rund um Saalfelden, Besuch von Kraftpl\u00e4tzen, Zeit zum Relaxen, f\u00fcr Wellness,&#8230; <\/li>\n\n\n\n<li>Wer? offen f\u00fcr alle, die Spiritualit\u00e4t und Meditation in einem gem\u00fctlichen Umfeld und die wundervolle Natur der Pinzgauer Bergwelt erleben wollen<\/li>\n\n\n\n<li>Warum? gemeinsame Meditationspraxis, Energietanken in der Natur, Berge erleben, Austausch und Zeit mit Gleichgesinnten<\/li>\n\n\n\n<li>Wieviel? \u20ac 127,- Spende an das TIIS f\u00fcr die t\u00e4gliche Sadhana, die Hotel- &amp; Verpflegungskosten, etwaige Eintrittsgelder und Konsumation sind direkt zu begleichen. Infos siehe unten.<\/li>\n<\/ul>\n\n\n\n<hr class=\"wp-block-separator has-alpha-channel-opacity\"\/>\n\n\n\n<h3 class=\"wp-block-heading\">Urlaub mit der Spirituellen Familie<\/h3>\n\n\n\n<p>Mit Gleichgesinnten erholsame Tage in wundersch\u00f6ner Umgebung und beeindruckender Natur verbringen &#8211; das ist &#8222;Holidays with the Spiritual Family&#8220;. Im Vordergrund steht die Idee, URLAUB mit spiritueller Praxis zu verbinden. Da es sich bei dieser Veranstaltung um kein Retreat oder Workshop handelt, wird es viel Freizeit geben, um gemeinsam interessante Gespr\u00e4che zu f\u00fchren, die Natur zu genie\u00dfen und die Seele baumeln zu lassen.<\/p>\n\n\n\n<p><a href=\"https:\/\/www.inner-peace.pictures\/Journal\/HwtSF\" title=\"\">HIER findest du tolle Fotos vom HwtSF 2024<\/a> von Karin Pezel. Und das ist quasi unser Best-Of mit Beschreibung:<\/p>\n\n\n\n<figure class=\"wp-block-image size-large\"><a href=\"https:\/\/www.canva.com\/design\/DAGoNKQMrO4\/IM-UNvSAlN46UaaG8lKh9w\/view?utm_content=DAGoNKQMrO4&amp;utm_campaign=designshare&amp;utm_medium=link&amp;utm_source=viewer\"><img loading=\"lazy\" decoding=\"async\" width=\"1024\" height=\"576\" src=\"https:\/\/www.lebens-qi.at\/de\/wp-content\/uploads\/HwtSF-2024-Fotoalbum-1024x576.jpg\" alt=\"\" class=\"wp-image-10835\" srcset=\"https:\/\/www.lebens-qi.at\/de\/wp-content\/uploads\/HwtSF-2024-Fotoalbum-1024x576.jpg 1024w, https:\/\/www.lebens-qi.at\/de\/wp-content\/uploads\/HwtSF-2024-Fotoalbum-300x169.jpg 300w, https:\/\/www.lebens-qi.at\/de\/wp-content\/uploads\/HwtSF-2024-Fotoalbum-768x432.jpg 768w, https:\/\/www.lebens-qi.at\/de\/wp-content\/uploads\/HwtSF-2024-Fotoalbum-1536x864.jpg 1536w, https:\/\/www.lebens-qi.at\/de\/wp-content\/uploads\/HwtSF-2024-Fotoalbum-1568x882.jpg 1568w, https:\/\/www.lebens-qi.at\/de\/wp-content\/uploads\/HwtSF-2024-Fotoalbum.jpg 1920w\" sizes=\"auto, (max-width: 1024px) 100vw, 1024px\" \/><\/a><\/figure>\n\n\n\n<p><strong>Unser Veranstaltungsort: der Saliter Hof.<\/strong> Er liegt etwas au\u00dferhalb von Saalfelden in Richtung Leogang. Mit seinem unvergleichbaren alpinen Charme bietet er einen tollen Rahmen f\u00fcr unser Event, auch weil das Hotel einen tollen Wellnessbereich und Ayurveda-Schwerpunkt bietet \ud83d\ude42  <\/p>\n\n\n\n<figure class=\"wp-block-image size-large\"><a href=\"http:\/\/www.lebens-qi.at\/de\/wp-content\/uploads\/IMG-20230707-WA0027.jpg\"><img loading=\"lazy\" decoding=\"async\" width=\"1024\" height=\"576\" src=\"http:\/\/www.lebens-qi.at\/de\/wp-content\/uploads\/IMG-20230707-WA0027-1024x576.jpg\" alt=\"\" class=\"wp-image-10318\" srcset=\"https:\/\/www.lebens-qi.at\/de\/wp-content\/uploads\/IMG-20230707-WA0027-1024x576.jpg 1024w, https:\/\/www.lebens-qi.at\/de\/wp-content\/uploads\/IMG-20230707-WA0027-300x169.jpg 300w, https:\/\/www.lebens-qi.at\/de\/wp-content\/uploads\/IMG-20230707-WA0027-768x432.jpg 768w, https:\/\/www.lebens-qi.at\/de\/wp-content\/uploads\/IMG-20230707-WA0027-1536x864.jpg 1536w, https:\/\/www.lebens-qi.at\/de\/wp-content\/uploads\/IMG-20230707-WA0027-1568x882.jpg 1568w, https:\/\/www.lebens-qi.at\/de\/wp-content\/uploads\/IMG-20230707-WA0027.jpg 1920w\" sizes=\"auto, (max-width: 1024px) 100vw, 1024px\" \/><\/a><\/figure>\n\n\n\n<p>Preis f\u00fcr die Unterkunft: \u20ac 97,- pro Nacht und Person. Folgende Leistungen sind inkludiert: <br>\u00b7 Morgens mit dem &#8222;Gsund &amp; Guat&#8220; Fr\u00fchst\u00fccksbuffet mit<br>nat\u00fcrlichen Produkten, Fr\u00fchst\u00fcckskarte mit Eier-Spezialit\u00e4ten,<br>warme Energie-Gerichte und Power-Smoothies<br>\u00b7 Wellnessgenuss mit Panorama Blick (14.00 bis 20.00 Uhr)<br>\u00b7 Fitnessraum mit professionellen Ger\u00e4ten (08.00 bis 21.00 Uhr)<br>\u00b7 Kostenloser Parkplatz direkt vor dem Hotel<br>\u00b7 Freies W-Lan im gesamten Saliter Hof<\/p>\n\n\n\n<p><strong>Saliter Hof &#8211; Gourmet &#8211; Verw\u00f6hnpension: <\/strong>Unser Gastgeber und<br>K\u00fcchenchef Erwin Kaindl k\u00fcmmert sich pers\u00f6nlich um unser<br>Wohlbefinden und verzaubert uns gemeinsam mit seinem Team von<br>morgens bis abends mit kulinarischen Highlights. Fr\u00fchst\u00fcck ist im Preis bereits inkludiert, Halbpension kann auf Wunsch tageweise spontan um nur je \u20ac 27,-dazugebucht werden.<br><strong>Mit Herz &amp; Leidenschaft<\/strong> ist das Motto im kleinen aber feinen<br>Saliter Hof, wo das Team sich in allen Bereichen noch pers\u00f6nlich um<br>die G\u00e4ste k\u00fcmmert und so viele W\u00fcnsche wie m\u00f6glich in<br>Erf\u00fcllung gehen l\u00e4sst.<\/p>\n\n\n\n<p><strong>Das Event: Holidays with the Spiritual Family. <\/strong>Anreise erfolgt am Mittwoch, Programm findet ab Donnerstag statt. Voraussichtlicher Ablauf: Do\/Fr\/Sa\/So Morning Sadhana (f\u00fcr TPA Yogis &amp; Yoginis) bzw. PPM. Danach werden 3 verschiedene Gruppen organisiert: eine Gruppe besichtigt Kultur- und Naturdenkm\u00e4ler, die gem\u00fctliche Wandergruppe macht einfache Touren (und H\u00fcttenbesuche) in der umgebenden Bergwelt, und die sportliche Wandergruppe macht anspruchsvollere Touren, Kondition und entsprechende Ausr\u00fcstung voraussgesetzt.<\/p>\n\n\n\n<figure class=\"wp-block-image size-large\"><a href=\"https:\/\/www.lebens-qi.at\/de\/wp-content\/uploads\/Angela-1.jpg\"><img loading=\"lazy\" decoding=\"async\" width=\"1530\" height=\"1530\" src=\"https:\/\/www.lebens-qi.at\/de\/wp-content\/uploads\/Angela-1-edited.jpg\" alt=\"\" class=\"wp-image-10579\" style=\"aspect-ratio:1;object-fit:cover\" srcset=\"https:\/\/www.lebens-qi.at\/de\/wp-content\/uploads\/Angela-1-edited.jpg 1530w, https:\/\/www.lebens-qi.at\/de\/wp-content\/uploads\/Angela-1-edited-300x300.jpg 300w, https:\/\/www.lebens-qi.at\/de\/wp-content\/uploads\/Angela-1-edited-1024x1024.jpg 1024w, https:\/\/www.lebens-qi.at\/de\/wp-content\/uploads\/Angela-1-edited-150x150.jpg 150w, https:\/\/www.lebens-qi.at\/de\/wp-content\/uploads\/Angela-1-edited-768x768.jpg 768w\" sizes=\"auto, (max-width: 1530px) 100vw, 1530px\" \/><\/a><\/figure>\n\n\n\n<p>Abends gibt es Evening Sadhana (Abendmeditation) oder Spezialprogramm. Am Sonntag erfolgt nach der Morning Sadhana der Check-Out und wer mag kann noch mit uns eine kurze Wanderung machen. Wer die Gelegenheit f\u00fcr einen ausgiebigeren Urlaub nutzen m\u00f6chte, kann auch zus\u00e4tzliche N\u00e4chte im Saliter Hof dazubuchen (z.B. Aufenthalt f\u00fcr eine ganze Woche). Die Region Saalfelden-Leogang bietet definitiv genug Freizeit-M\u00f6glichkeiten f\u00fcr einen l\u00e4ngeren Aufenthalt.<\/p>\n\n\n\n<h3 class=\"wp-block-heading\">Das Highlight am Samstag: Berge in Flammen<\/h3>\n\n\n\n<figure class=\"wp-block-image size-full\"><a href=\"http:\/\/www.lebens-qi.at\/de\/wp-content\/uploads\/sommersonnwendfeuer.png\"><img loading=\"lazy\" decoding=\"async\" width=\"642\" height=\"218\" src=\"http:\/\/www.lebens-qi.at\/de\/wp-content\/uploads\/sommersonnwendfeuer.png\" alt=\"\" class=\"wp-image-10317\" srcset=\"https:\/\/www.lebens-qi.at\/de\/wp-content\/uploads\/sommersonnwendfeuer.png 642w, https:\/\/www.lebens-qi.at\/de\/wp-content\/uploads\/sommersonnwendfeuer-300x102.png 300w\" sizes=\"auto, (max-width: 642px) 100vw, 642px\" \/><\/a><\/figure>\n\n\n\n<p><a href=\"https:\/\/www.saalfelden-leogang.com\/de\/news-events\/events\/sonnenwende\" title=\"\">Sommersonnwende<\/a> am Sa. 20. Juni 2026 Unz\u00e4hlige Bergfeuer zieren die umgebenden Berge. Dieser Blick auf das Steinerne Meer ist einzigartig \u2013 einfach Magie pur! Der Brauch zur Sonnenwende Feuer auf den Bergen zu entfachen, geht bereits auf das 12. Jahrhundert zur\u00fcck und soll b\u00f6se Geister abwehren, Wachstum und Fruchtbarkeit f\u00f6rdern. Ein wirklich beeindruckendes, mystisches Ereignis!<\/p>\n\n\n\n<h3 class=\"wp-block-heading\">Information, Anmeldung, Reservierung<\/h3>\n\n\n\n<p>Gerne folge uns f\u00fcr laufende Infos auf unserer <a href=\"https:\/\/www.instagram.com\/holidays_with_tiis\/\" title=\"\">Instagram<\/a>&#8211; und\/oder <a href=\"https:\/\/www.facebook.com\/profile.php?id=61550677708625\" title=\"\">Facebook<\/a>-Seite. Zur Anmeldung und Reservierung schick uns einfach ein E-Mail an hwtsf@lebens-qi.at mit deinen Kontaktdaten und Buchungswunsch, wir schicken dir alle weiteren Informationen zu. <\/p>\n","protected":false},"excerpt":{"rendered":"<p>For ENGLISH use this link! Erholsame Tage im Pinzgau zur Sommersonnenwende Urlaub mit der Spirituellen Familie Mit Gleichgesinnten erholsame Tage in wundersch\u00f6ner Umgebung und beeindruckender Natur verbringen &#8211; das ist &#8222;Holidays with the Spiritual Family&#8220;. Im Vordergrund steht die Idee, URLAUB mit spiritueller Praxis zu verbinden. Da es sich bei dieser Veranstaltung um kein Retreat&hellip; <a class=\"more-link\" href=\"https:\/\/www.lebens-qi.at\/de\/holidays-with-the-spiritual-family\/\"><span class=\"screen-reader-text\">Holidays with the Spiritual Family<\/span> weiterlesen<\/a><\/p>\n","protected":false},"author":2,"featured_media":10918,"comment_status":"closed","ping_status":"closed","sticky":false,"template":"","format":"standard","meta":{"_jetpack_memberships_contains_paid_content":false,"footnotes":"","_links_to":"","_links_to_target":""},"categories":[1,6],"tags":[52,1108,143,1186,1188,1082,1187,174,501],"class_list":["post-10283","post","type-post","status-publish","format-standard","has-post-thumbnail","hentry","category-news","category-termine","tag-meditation","tag-saalfelden","tag-spiritualitat","tag-spirituelle-praxis","tag-the-institute-for-inner-sciences","tag-the-path-to-arhatship","tag-tiis","tag-urlaub","tag-wandern","entry"],"aioseo_notices":[],"jetpack_featured_media_url":"https:\/\/www.lebens-qi.at\/de\/wp-content\/uploads\/holidays-with-tiis.jpg","jetpack_sharing_enabled":true,"_links":{"self":[{"href":"https:\/\/www.lebens-qi.at\/de\/wp-json\/wp\/v2\/posts\/10283","targetHints":{"allow":["GET"]}}],"collection":[{"href":"https:\/\/www.lebens-qi.at\/de\/wp-json\/wp\/v2\/posts"}],"about":[{"href":"https:\/\/www.lebens-qi.at\/de\/wp-json\/wp\/v2\/types\/post"}],"author":[{"embeddable":true,"href":"https:\/\/www.lebens-qi.at\/de\/wp-json\/wp\/v2\/users\/2"}],"replies":[{"embeddable":true,"href":"https:\/\/www.lebens-qi.at\/de\/wp-json\/wp\/v2\/comments?post=10283"}],"version-history":[{"count":19,"href":"https:\/\/www.lebens-qi.at\/de\/wp-json\/wp\/v2\/posts\/10283\/revisions"}],"predecessor-version":[{"id":10904,"href":"https:\/\/www.lebens-qi.at\/de\/wp-json\/wp\/v2\/posts\/10283\/revisions\/10904"}],"wp:featuredmedia":[{"embeddable":true,"href":"https:\/\/www.lebens-qi.at\/de\/wp-json\/wp\/v2\/media\/10918"}],"wp:attachment":[{"href":"https:\/\/www.lebens-qi.at\/de\/wp-json\/wp\/v2\/media?parent=10283"}],"wp:term":[{"taxonomy":"category","embeddable":true,"href":"https:\/\/www.lebens-qi.at\/de\/wp-json\/wp\/v2\/categories?post=10283"},{"taxonomy":"post_tag","embeddable":true,"href":"https:\/\/www.lebens-qi.at\/de\/wp-json\/wp\/v2\/tags?post=10283"}],"curies":[{"name":"wp","href":"https:\/\/api.w.org\/{rel}","templated":true}]}}